{"id":914,"date":"2020-01-03T18:04:09","date_gmt":"2020-01-03T17:04:09","guid":{"rendered":"https:\/\/nourrisante.fr\/?p=914"},"modified":"2020-04-13T18:31:11","modified_gmt":"2020-04-13T16:31:11","slug":"comment-perdre-les-eventuels-quelques-kilos-pris-pendant-les-fetes","status":"publish","type":"post","link":"https:\/\/nourrisante.fr\/index.php\/2020\/01\/03\/comment-perdre-les-eventuels-quelques-kilos-pris-pendant-les-fetes\/","title":{"rendered":"Comment perdre les quelques kilos pris pendant les f\u00eates ?"},"content":{"rendered":"\t\t<div data-elementor-type=\"wp-post\" data-elementor-id=\"914\" class=\"elementor elementor-914\">\n\t\t\t\t\t\t<div class=\"elementor-inner\">\n\t\t\t\t<div class=\"elementor-section-wrap\">\n\t\t\t\t\t\t\t\t\t<section class=\"elementor-section elementor-top-section elementor-element elementor-element-4d9c359 elementor-section-boxed elementor-section-height-default elementor-section-height-default\" data-id=\"4d9c359\" data-element_type=\"section\">\n\t\t\t\t\t\t<div class=\"elementor-container elementor-column-gap-default\">\n\t\t\t\t\t\t\t<div class=\"elementor-row\">\n\t\t\t\t\t<div class=\"elementor-column elementor-col-100 elementor-top-column elementor-element elementor-element-8b43c2f\" data-id=\"8b43c2f\" data-element_type=\"column\">\n\t\t\t<div class=\"elementor-column-wrap elementor-element-populated\">\n\t\t\t\t\t\t\t<div class=\"elementor-widget-wrap\">\n\t\t\t\t\t\t<div class=\"elementor-element elementor-element-7ad3617 elementor-widget elementor-widget-text-editor\" data-id=\"7ad3617\" data-element_type=\"widget\" data-widget_type=\"text-editor.default\">\n\t\t\t\t<div class=\"elementor-widget-container\">\n\t\t\t\t\t\t\t\t<div class=\"elementor-text-editor elementor-clearfix\">\n\t\t\t\t<p><b>Perdre les kilos<\/b> pris pendant les <b>f\u00eates de fin d&#8217;ann\u00e9e<\/b>&#8230; Comment s&#8217;y prendre ? Vous vous posez peut-\u00eatre la question apr\u00e8s avoir un peu abus\u00e9 sur la dinde de No\u00ebl ou la b\u00fbche glac\u00e9e. Avec la <b>nouvelle ann\u00e9e<\/b>, nombre de magazines vont vous proposer d\u00e9sormais une &#8220;<b>detox <\/b>d&#8217;apr\u00e8s f\u00eates&#8221;, un &#8220;<b>r\u00e9gime<\/b> express pour d\u00e9gommer les kilos&#8221; ou encore &#8220;une semaine de repas minceur&#8221; ! Leur objectif \u00e0 tous : vous aider \u00e0 vous d\u00e9barrasser de vos <b>kilos des f\u00eates de fin d&#8217;ann\u00e9es<\/b>.\u00a0<\/p><p>Je ne vais pas y aller par quatre chemins : ce sont des &#8220;conneries&#8221; ! Les r\u00e9gimes ne servent \u00e0 rien ! Seul un <b>changement d&#8217;alimentation\u00a0<\/b> \u00e0 long terme n&#8217;est valable ! C&#8217;est quelque chose qui se tient donc \u00e0 vie ! Alors que les <b>r\u00e9gimes <\/b>sont limit\u00e9s dans le temps. En g\u00e9n\u00e9ral jusqu&#8217;\u00e0 l&#8217;obtention du r\u00e9sultat voulu. Cons\u00e9quence : une fois le poids perdu et l&#8217;objectif atteint, on reprend les &#8220;mauvaises habitudes&#8221;, on mange &#8220;comme avant&#8221; et le poids perdu revient, souvent m\u00eame avec du bonus !\u00a0<\/p><p>Bref, vous l&#8217;avez compris, dans cet article je ne vous proposerai pas de <b>r\u00e9gime miracle<\/b> pour \u00eatre \u00e0 nouveau ami avec votre <b>balance <\/b>! En revanche voici mes cinq astuces pour reprendre les <b>&#8220;bonnes habitudes&#8221;<\/b> apr\u00e8s les f\u00eates !<\/p><p>\u00a0<\/p>\t\t\t\t\t<\/div>\n\t\t\t\t\t\t<\/div>\n\t\t\t\t<\/div>\n\t\t\t\t<div class=\"elementor-element elementor-element-59f99b6 elementor-widget elementor-widget-text-editor\" data-id=\"59f99b6\" data-element_type=\"widget\" data-widget_type=\"text-editor.default\">\n\t\t\t\t<div class=\"elementor-widget-container\">\n\t\t\t\t\t\t\t\t<div class=\"elementor-text-editor elementor-clearfix\">\n\t\t\t\t\t\t\t\t\t<\/div>\n\t\t\t\t\t\t<\/div>\n\t\t\t\t<\/div>\n\t\t\t\t\t\t<\/div>\n\t\t\t\t\t<\/div>\n\t\t<\/div>\n\t\t\t\t\t\t\t\t<\/div>\n\t\t\t\t\t<\/div>\n\t\t<\/section>\n\t\t\t\t<section class=\"elementor-section elementor-top-section elementor-element elementor-element-7f0be71 elementor-section-boxed elementor-section-height-default elementor-section-height-default\" data-id=\"7f0be71\" data-element_type=\"section\">\n\t\t\t\t\t\t<div class=\"elementor-container elementor-column-gap-default\">\n\t\t\t\t\t\t\t<div class=\"elementor-row\">\n\t\t\t\t\t<div class=\"elementor-column elementor-col-100 elementor-top-column elementor-element elementor-element-61dc14c\" data-id=\"61dc14c\" data-element_type=\"column\">\n\t\t\t<div class=\"elementor-column-wrap elementor-element-populated\">\n\t\t\t\t\t\t\t<div class=\"elementor-widget-wrap\">\n\t\t\t\t\t\t<div class=\"elementor-element elementor-element-d8113b8 elementor-widget elementor-widget-heading\" data-id=\"d8113b8\" data-element_type=\"widget\" data-widget_type=\"heading.default\">\n\t\t\t\t<div class=\"elementor-widget-container\">\n\t\t\t<h2 class=\"elementor-heading-title elementor-size-default\">1 - Ne surtout pas faire de r\u00e9gime <\/h2>\t\t<\/div>\n\t\t\t\t<\/div>\n\t\t\t\t\t\t<\/div>\n\t\t\t\t\t<\/div>\n\t\t<\/div>\n\t\t\t\t\t\t\t\t<\/div>\n\t\t\t\t\t<\/div>\n\t\t<\/section>\n\t\t\t\t<section class=\"elementor-section elementor-top-section elementor-element elementor-element-d662a6d elementor-section-boxed elementor-section-height-default elementor-section-height-default\" data-id=\"d662a6d\" data-element_type=\"section\">\n\t\t\t\t\t\t<div class=\"elementor-container elementor-column-gap-default\">\n\t\t\t\t\t\t\t<div class=\"elementor-row\">\n\t\t\t\t\t<div class=\"elementor-column elementor-col-100 elementor-top-column elementor-element elementor-element-ac9f4b4\" data-id=\"ac9f4b4\" data-element_type=\"column\">\n\t\t\t<div class=\"elementor-column-wrap elementor-element-populated\">\n\t\t\t\t\t\t\t<div class=\"elementor-widget-wrap\">\n\t\t\t\t\t\t<div class=\"elementor-element elementor-element-ffde298 elementor-widget elementor-widget-text-editor\" data-id=\"ffde298\" data-element_type=\"widget\" data-widget_type=\"text-editor.default\">\n\t\t\t\t<div class=\"elementor-widget-container\">\n\t\t\t\t\t\t\t\t<div class=\"elementor-text-editor elementor-clearfix\">\n\t\t\t\t<p>Les r\u00e9gimes sont inutiles. De nombreuses \u00e9tudes montrent m\u00eame qu&#8217;ils sont \u00e0 l&#8217;origine de l&#8217;effet &#8220;yo-yo&#8221; ! Faire croire \u00e0 quelqu&#8217;un qu&#8217;il peut maigrir sur une p\u00e9riode donn\u00e9e, et ensuite reprendre ce qui l&#8217;a fait grossir en premier lieu, est pour moi une erreur cons\u00e9quente.\u00a0<\/p><p>J&#8217;ai fait un r\u00e9gime, une seule fois dans ma vie, \u00e0 l&#8217;\u00e9poque o\u00f9 j&#8217;\u00e9tais \u00e9tudiante. Bilan : j&#8217;avais tout le temps faim, \u00e7a me collait la migraine, et en plus de \u00e7a, j&#8217;\u00e9tais de mauvaise humeur. Alors oui, c&#8217;\u00e9tait super, j&#8217;ai perdu 3 kilos pendant cette quinzaine de jours ou j&#8217;\u00e9tais vraiment pas bien. Et vous savez ce qui s&#8217;est pass\u00e9 ? H\u00e9 bien, j&#8217;ai remang\u00e9 \u00e0 ma faim, et j&#8217;ai repris&#8230; 5 kilos. J&#8217;ai donc gagn\u00e9 2 kilos de plus dans l&#8217;exp\u00e9rience !\u00a0<\/p><p>Alors non, je ne peux pas vous conseiller de faire comme moi ! Ne faites surtout pas \u00e7a !\u00a0 C&#8217;est vraiment contre productif. Je vous invite plut\u00f4t \u00e0 reprendre une alimentation saine, pour \u00e9radiquer ces kilos pris pendant les f\u00eates sans sensation de privation.<\/p>\t\t\t\t\t<\/div>\n\t\t\t\t\t\t<\/div>\n\t\t\t\t<\/div>\n\t\t\t\t\t\t<\/div>\n\t\t\t\t\t<\/div>\n\t\t<\/div>\n\t\t\t\t\t\t\t\t<\/div>\n\t\t\t\t\t<\/div>\n\t\t<\/section>\n\t\t\t\t<section class=\"elementor-section elementor-top-section elementor-element elementor-element-9e00dd2 elementor-section-boxed elementor-section-height-default elementor-section-height-default\" data-id=\"9e00dd2\" data-element_type=\"section\">\n\t\t\t\t\t\t<div class=\"elementor-container elementor-column-gap-default\">\n\t\t\t\t\t\t\t<div class=\"elementor-row\">\n\t\t\t\t\t<div class=\"elementor-column elementor-col-50 elementor-top-column elementor-element elementor-element-6a5b3ab\" data-id=\"6a5b3ab\" data-element_type=\"column\">\n\t\t\t<div class=\"elementor-column-wrap elementor-element-populated\">\n\t\t\t\t\t\t\t<div class=\"elementor-widget-wrap\">\n\t\t\t\t\t\t<div class=\"elementor-element elementor-element-157dd2c elementor-widget elementor-widget-heading\" data-id=\"157dd2c\" data-element_type=\"widget\" data-widget_type=\"heading.default\">\n\t\t\t\t<div class=\"elementor-widget-container\">\n\t\t\t<h2 class=\"elementor-heading-title elementor-size-default\">2- Remettre les l\u00e9gumes de saison \u00e0 l'honneur <\/h2>\t\t<\/div>\n\t\t\t\t<\/div>\n\t\t\t\t\t\t<\/div>\n\t\t\t\t\t<\/div>\n\t\t<\/div>\n\t\t\t\t<div class=\"elementor-column elementor-col-50 elementor-top-column elementor-element elementor-element-c7ea2a6\" data-id=\"c7ea2a6\" data-element_type=\"column\">\n\t\t\t<div class=\"elementor-column-wrap elementor-element-populated\">\n\t\t\t\t\t\t\t<div class=\"elementor-widget-wrap\">\n\t\t\t\t\t\t<div class=\"elementor-element elementor-element-e1e0b3d elementor-widget elementor-widget-image\" data-id=\"e1e0b3d\" data-element_type=\"widget\" data-widget_type=\"image.default\">\n\t\t\t\t<div class=\"elementor-widget-container\">\n\t\t\t\t\t\t\t\t<div class=\"elementor-image\">\n\t\t\t\t\t\t\t\t\t\t\t\t<img decoding=\"async\" width=\"1024\" height=\"682\" src=\"https:\/\/i0.wp.com\/nourrisante.fr\/wp-content\/uploads\/2019\/12\/market-3176255_1280.jpg?fit=1024%2C682&amp;ssl=1\" class=\"attachment-large size-large wp-image-918\" alt=\"perdre du poids apr\u00e8s les f\u00eates\" srcset=\"https:\/\/i0.wp.com\/nourrisante.fr\/wp-content\/uploads\/2019\/12\/market-3176255_1280.jpg?w=1280&amp;ssl=1 1280w, https:\/\/i0.wp.com\/nourrisante.fr\/wp-content\/uploads\/2019\/12\/market-3176255_1280.jpg?resize=300%2C200&amp;ssl=1 300w, https:\/\/i0.wp.com\/nourrisante.fr\/wp-content\/uploads\/2019\/12\/market-3176255_1280.jpg?resize=1024%2C682&amp;ssl=1 1024w, https:\/\/i0.wp.com\/nourrisante.fr\/wp-content\/uploads\/2019\/12\/market-3176255_1280.jpg?resize=768%2C512&amp;ssl=1 768w\" sizes=\"(max-width: 1000px) 100vw, 1000px\" \/>\t\t\t\t\t\t\t\t\t\t\t\t\t\t<\/div>\n\t\t\t\t\t\t<\/div>\n\t\t\t\t<\/div>\n\t\t\t\t\t\t<\/div>\n\t\t\t\t\t<\/div>\n\t\t<\/div>\n\t\t\t\t\t\t\t\t<\/div>\n\t\t\t\t\t<\/div>\n\t\t<\/section>\n\t\t\t\t<section class=\"elementor-section elementor-top-section elementor-element elementor-element-9150144 elementor-section-boxed elementor-section-height-default elementor-section-height-default\" data-id=\"9150144\" data-element_type=\"section\">\n\t\t\t\t\t\t<div class=\"elementor-container elementor-column-gap-default\">\n\t\t\t\t\t\t\t<div class=\"elementor-row\">\n\t\t\t\t\t<div class=\"elementor-column elementor-col-100 elementor-top-column elementor-element elementor-element-557c9d0\" data-id=\"557c9d0\" data-element_type=\"column\">\n\t\t\t<div class=\"elementor-column-wrap elementor-element-populated\">\n\t\t\t\t\t\t\t<div class=\"elementor-widget-wrap\">\n\t\t\t\t\t\t<div class=\"elementor-element elementor-element-1529c1a elementor-widget elementor-widget-text-editor\" data-id=\"1529c1a\" data-element_type=\"widget\" data-widget_type=\"text-editor.default\">\n\t\t\t\t<div class=\"elementor-widget-container\">\n\t\t\t\t\t\t\t\t<div class=\"elementor-text-editor elementor-clearfix\">\n\t\t\t\t<p>Forc\u00e9ment, pendant les f\u00eates on a souvent tendance \u00e0 manger plus que d&#8217;habitude, et moins de l\u00e9gumes. Les repas sont beaucoup plus riches, plus sucr\u00e9s aussi souvent. Et c&#8217;est bien comme \u00e7a que l&#8217;on prend du poids ! ,Maintenant que les f\u00eates sont termin\u00e9es, reprenez des habitudes de vie saines. Et remettez\u00a0<a href=\"https:\/\/www.greenpeace.fr\/guetteur\/calendrier\/\" target=\"_blank\" rel=\"noopener\">les fruits et les\u00a0l\u00e9gumes de saison<\/a>\u00a0au menu.\u00a0<\/p><p>Pour rappel, une assiette \u00e9quilibr\u00e9e<b> <\/b>doit contenir la moiti\u00e9 de l\u00e9gumes, un quart de &#8220;f\u00e9culents&#8221;, et un quart de prot\u00e9ines. Le principal est surtout de ne pas se frustrer, et de manger \u00e0 nouveau en quantit\u00e9 ordinaire, et \u00e0 sa faim bien s\u00fbr.\u00a0<\/p><p>De mon c\u00f4t\u00e9, pendant la p\u00e9riode de No\u00ebl et du Nouvel An, j&#8217;ai tendance \u00e0 manger plus que ma faim, et j&#8217;imagine que je ne suis pas la seule dans ce cas. D\u00e8s le retour \u00e0 la maison, remettez-vous \u00e0 mes repas pleins de l\u00e9gumes bio de saison\u00a0comme dans cette\u00a0<a href=\"https:\/\/nourrisante.fr\/index.php\/2019\/12\/30\/curry-de-chou-fleur-et-courge\/\" target=\"_blank\" rel=\"noopener\">recette\u00a0<\/a>par exemple !\u00a0<\/p>\t\t\t\t\t<\/div>\n\t\t\t\t\t\t<\/div>\n\t\t\t\t<\/div>\n\t\t\t\t\t\t<\/div>\n\t\t\t\t\t<\/div>\n\t\t<\/div>\n\t\t\t\t\t\t\t\t<\/div>\n\t\t\t\t\t<\/div>\n\t\t<\/section>\n\t\t\t\t<section class=\"elementor-section elementor-top-section elementor-element elementor-element-e98a16a elementor-section-boxed elementor-section-height-default elementor-section-height-default\" data-id=\"e98a16a\" data-element_type=\"section\">\n\t\t\t\t\t\t<div class=\"elementor-container elementor-column-gap-default\">\n\t\t\t\t\t\t\t<div class=\"elementor-row\">\n\t\t\t\t\t<div class=\"elementor-column elementor-col-100 elementor-top-column elementor-element elementor-element-4e2deff\" data-id=\"4e2deff\" data-element_type=\"column\">\n\t\t\t<div class=\"elementor-column-wrap elementor-element-populated\">\n\t\t\t\t\t\t\t<div class=\"elementor-widget-wrap\">\n\t\t\t\t\t\t<div class=\"elementor-element elementor-element-0d3dbf5 elementor-widget elementor-widget-heading\" data-id=\"0d3dbf5\" data-element_type=\"widget\" data-widget_type=\"heading.default\">\n\t\t\t\t<div class=\"elementor-widget-container\">\n\t\t\t<h2 class=\"elementor-heading-title elementor-size-default\">3 - Ne pas manger tous les chocolats\n<\/h2>\t\t<\/div>\n\t\t\t\t<\/div>\n\t\t\t\t\t\t<\/div>\n\t\t\t\t\t<\/div>\n\t\t<\/div>\n\t\t\t\t\t\t\t\t<\/div>\n\t\t\t\t\t<\/div>\n\t\t<\/section>\n\t\t\t\t<section class=\"elementor-section elementor-top-section elementor-element elementor-element-ac2f55d elementor-section-boxed elementor-section-height-default elementor-section-height-default\" data-id=\"ac2f55d\" data-element_type=\"section\">\n\t\t\t\t\t\t<div class=\"elementor-container elementor-column-gap-default\">\n\t\t\t\t\t\t\t<div class=\"elementor-row\">\n\t\t\t\t\t<div class=\"elementor-column elementor-col-100 elementor-top-column elementor-element elementor-element-5110ebe\" data-id=\"5110ebe\" data-element_type=\"column\">\n\t\t\t<div class=\"elementor-column-wrap elementor-element-populated\">\n\t\t\t\t\t\t\t<div class=\"elementor-widget-wrap\">\n\t\t\t\t\t\t<div class=\"elementor-element elementor-element-3b54058 elementor-widget elementor-widget-text-editor\" data-id=\"3b54058\" data-element_type=\"widget\" data-widget_type=\"text-editor.default\">\n\t\t\t\t<div class=\"elementor-widget-container\">\n\t\t\t\t\t\t\t\t<div class=\"elementor-text-editor elementor-clearfix\">\n\t\t\t\t<p>Qui dit f\u00eates de fin d&#8217;ann\u00e9es<b>,<\/b> dit en g\u00e9n\u00e9ral chocolats ! Qui ne re\u00e7oit pas au moins une bo\u00eete pendant cette p\u00e9riode ? En g\u00e9n\u00e9ral, je re\u00e7ois entre deux et trois bo\u00eetes rien que pour No\u00ebl alors j&#8217;imagine que chez vous aussi il y a toujours du chocolat sous le sapin !<\/p><p>\u00a0L&#8217;objectif des jours apr\u00e8s c&#8217;est de ne pas TOUT manger. Pour perdre du poids, essayez de vous restreindre \u00e0 un ou deux chocolats par jour. Le meilleur moment pour en manger c&#8217;est l&#8217;apr\u00e8s-midi au moment du go\u00fbter. C&#8217;est en g\u00e9n\u00e9ral \u00e0 ce moment l\u00e0 que le corps a besoin de sucre, et qu&#8217;il est capable de l&#8217;\u00e9liminer au mieux.\u00a0<\/p><p>Donc faites-vous plaisir, mais en restant &#8211; si possible &#8211; raisonnable ! C&#8217;est vous verrez la cl\u00e9 pour ne pas prendre encore plus de poids, et ensuite bien s\u00fbr pour se d\u00e9barrasser de ces un ou deux kilos pris pendant les f\u00eates.<\/p>\t\t\t\t\t<\/div>\n\t\t\t\t\t\t<\/div>\n\t\t\t\t<\/div>\n\t\t\t\t\t\t<\/div>\n\t\t\t\t\t<\/div>\n\t\t<\/div>\n\t\t\t\t\t\t\t\t<\/div>\n\t\t\t\t\t<\/div>\n\t\t<\/section>\n\t\t\t\t<section class=\"elementor-section elementor-top-section elementor-element elementor-element-e7c5df1 elementor-section-boxed elementor-section-height-default elementor-section-height-default\" data-id=\"e7c5df1\" data-element_type=\"section\">\n\t\t\t\t\t\t<div class=\"elementor-container elementor-column-gap-default\">\n\t\t\t\t\t\t\t<div class=\"elementor-row\">\n\t\t\t\t\t<div class=\"elementor-column elementor-col-100 elementor-top-column elementor-element elementor-element-30be77d\" data-id=\"30be77d\" data-element_type=\"column\">\n\t\t\t<div class=\"elementor-column-wrap elementor-element-populated\">\n\t\t\t\t\t\t\t<div class=\"elementor-widget-wrap\">\n\t\t\t\t\t\t<div class=\"elementor-element elementor-element-f326d64 elementor-widget elementor-widget-heading\" data-id=\"f326d64\" data-element_type=\"widget\" data-widget_type=\"heading.default\">\n\t\t\t\t<div class=\"elementor-widget-container\">\n\t\t\t<h2 class=\"elementor-heading-title elementor-size-default\">\n4 - Reprendre les activit\u00e9s physiques<\/h2>\t\t<\/div>\n\t\t\t\t<\/div>\n\t\t\t\t\t\t<\/div>\n\t\t\t\t\t<\/div>\n\t\t<\/div>\n\t\t\t\t\t\t\t\t<\/div>\n\t\t\t\t\t<\/div>\n\t\t<\/section>\n\t\t\t\t<section class=\"elementor-section elementor-top-section elementor-element elementor-element-e7c8569 elementor-section-boxed elementor-section-height-default elementor-section-height-default\" data-id=\"e7c8569\" data-element_type=\"section\">\n\t\t\t\t\t\t<div class=\"elementor-container elementor-column-gap-default\">\n\t\t\t\t\t\t\t<div class=\"elementor-row\">\n\t\t\t\t\t<div class=\"elementor-column elementor-col-100 elementor-top-column elementor-element elementor-element-c9649ac\" data-id=\"c9649ac\" data-element_type=\"column\">\n\t\t\t<div class=\"elementor-column-wrap elementor-element-populated\">\n\t\t\t\t\t\t\t<div class=\"elementor-widget-wrap\">\n\t\t\t\t\t\t<div class=\"elementor-element elementor-element-95db0f7 elementor-widget elementor-widget-image\" data-id=\"95db0f7\" data-element_type=\"widget\" data-widget_type=\"image.default\">\n\t\t\t\t<div class=\"elementor-widget-container\">\n\t\t\t\t\t\t\t\t<div class=\"elementor-image\">\n\t\t\t\t\t\t\t\t\t\t\t\t<img decoding=\"async\" width=\"1024\" height=\"684\" src=\"https:\/\/i0.wp.com\/nourrisante.fr\/wp-content\/uploads\/2019\/12\/young-woman-2699780_1280.jpg?fit=1024%2C684&amp;ssl=1\" class=\"attachment-large size-large wp-image-917\" alt=\"perdre du poids apr\u00e8s les f\u00eates\" srcset=\"https:\/\/i0.wp.com\/nourrisante.fr\/wp-content\/uploads\/2019\/12\/young-woman-2699780_1280.jpg?w=1280&amp;ssl=1 1280w, https:\/\/i0.wp.com\/nourrisante.fr\/wp-content\/uploads\/2019\/12\/young-woman-2699780_1280.jpg?resize=300%2C200&amp;ssl=1 300w, https:\/\/i0.wp.com\/nourrisante.fr\/wp-content\/uploads\/2019\/12\/young-woman-2699780_1280.jpg?resize=1024%2C684&amp;ssl=1 1024w, https:\/\/i0.wp.com\/nourrisante.fr\/wp-content\/uploads\/2019\/12\/young-woman-2699780_1280.jpg?resize=768%2C513&amp;ssl=1 768w\" sizes=\"(max-width: 1000px) 100vw, 1000px\" \/>\t\t\t\t\t\t\t\t\t\t\t\t\t\t<\/div>\n\t\t\t\t\t\t<\/div>\n\t\t\t\t<\/div>\n\t\t\t\t\t\t<\/div>\n\t\t\t\t\t<\/div>\n\t\t<\/div>\n\t\t\t\t\t\t\t\t<\/div>\n\t\t\t\t\t<\/div>\n\t\t<\/section>\n\t\t\t\t<section class=\"elementor-section elementor-top-section elementor-element elementor-element-6179be6 elementor-section-boxed elementor-section-height-default elementor-section-height-default\" data-id=\"6179be6\" data-element_type=\"section\">\n\t\t\t\t\t\t<div class=\"elementor-container elementor-column-gap-default\">\n\t\t\t\t\t\t\t<div class=\"elementor-row\">\n\t\t\t\t\t<div class=\"elementor-column elementor-col-100 elementor-top-column elementor-element elementor-element-e6a193a\" data-id=\"e6a193a\" data-element_type=\"column\">\n\t\t\t<div class=\"elementor-column-wrap elementor-element-populated\">\n\t\t\t\t\t\t\t<div class=\"elementor-widget-wrap\">\n\t\t\t\t\t\t<div class=\"elementor-element elementor-element-4904399 elementor-widget elementor-widget-text-editor\" data-id=\"4904399\" data-element_type=\"widget\" data-widget_type=\"text-editor.default\">\n\t\t\t\t<div class=\"elementor-widget-container\">\n\t\t\t\t\t\t\t\t<div class=\"elementor-text-editor elementor-clearfix\">\n\t\t\t\t<p>Cela para\u00eet une recommandation classique, mais je sais que beaucoup d&#8217;entre nous bougeons moins pendant la p\u00e9riode des f\u00eates de fin d&#8217;ann\u00e9e. Il ne fait souvent pas tr\u00e8s beau, il fait froid, et puis c&#8217;est la p\u00e9riode des tabl\u00e9es en famille.\u00a0<\/p><p>On passe plus de temps en cuisine, \u00e0 parler \u00e0 se retrouver, et on a souvent un peu moins de temps \u00e0 s&#8217;accorder \u00e0 soi, pour faire du sport, sortir courir ou marcher.\u00a0<\/p><p>Avec le retour aux &#8220;bonnes habitudes alimentaires&#8221;, je vous invite \u00e0 reprendre la marche \u00e0 pied, la natation ou le yoga.\u00a0<span style=\"font-size: 15px;\">En tout cas ce que vous aviez l&#8217;habitude de faire avant cette p\u00e9riode assez dense <\/span><span style=\"font-size: 15px;\">entre No\u00ebl et le Jour de l&#8217;An<\/span><b style=\"font-style: inherit;\"> <\/b><span style=\"font-size: 15px;\">! Et vous verrez, vous<\/span> <span style=\"font-size: 15px;\">perdrez naturellement les kilos<\/span><span style=\"font-size: 15px;\"> pris pendant les f\u00eates !\u00a0<\/span><\/p>\t\t\t\t\t<\/div>\n\t\t\t\t\t\t<\/div>\n\t\t\t\t<\/div>\n\t\t\t\t\t\t<\/div>\n\t\t\t\t\t<\/div>\n\t\t<\/div>\n\t\t\t\t\t\t\t\t<\/div>\n\t\t\t\t\t<\/div>\n\t\t<\/section>\n\t\t\t\t<section class=\"elementor-section elementor-top-section elementor-element elementor-element-286be96 elementor-section-boxed elementor-section-height-default elementor-section-height-default\" data-id=\"286be96\" data-element_type=\"section\">\n\t\t\t\t\t\t<div class=\"elementor-container elementor-column-gap-default\">\n\t\t\t\t\t\t\t<div class=\"elementor-row\">\n\t\t\t\t\t<div class=\"elementor-column elementor-col-100 elementor-top-column elementor-element elementor-element-fd02560\" data-id=\"fd02560\" data-element_type=\"column\">\n\t\t\t<div class=\"elementor-column-wrap elementor-element-populated\">\n\t\t\t\t\t\t\t<div class=\"elementor-widget-wrap\">\n\t\t\t\t\t\t<div class=\"elementor-element elementor-element-5504790 elementor-widget elementor-widget-heading\" data-id=\"5504790\" data-element_type=\"widget\" data-widget_type=\"heading.default\">\n\t\t\t\t<div class=\"elementor-widget-container\">\n\t\t\t<h2 class=\"elementor-heading-title elementor-size-default\">5 - Bien dormir et bien s'hydrater \n<\/h2>\t\t<\/div>\n\t\t\t\t<\/div>\n\t\t\t\t\t\t<\/div>\n\t\t\t\t\t<\/div>\n\t\t<\/div>\n\t\t\t\t\t\t\t\t<\/div>\n\t\t\t\t\t<\/div>\n\t\t<\/section>\n\t\t\t\t<section class=\"elementor-section elementor-top-section elementor-element elementor-element-e0ecbc9 elementor-section-boxed elementor-section-height-default elementor-section-height-default\" data-id=\"e0ecbc9\" data-element_type=\"section\">\n\t\t\t\t\t\t<div class=\"elementor-container elementor-column-gap-default\">\n\t\t\t\t\t\t\t<div class=\"elementor-row\">\n\t\t\t\t\t<div class=\"elementor-column elementor-col-100 elementor-top-column elementor-element elementor-element-cf1a34f\" data-id=\"cf1a34f\" data-element_type=\"column\">\n\t\t\t<div class=\"elementor-column-wrap elementor-element-populated\">\n\t\t\t\t\t\t\t<div class=\"elementor-widget-wrap\">\n\t\t\t\t\t\t<div class=\"elementor-element elementor-element-31d91e3 elementor-widget elementor-widget-text-editor\" data-id=\"31d91e3\" data-element_type=\"widget\" data-widget_type=\"text-editor.default\">\n\t\t\t\t<div class=\"elementor-widget-container\">\n\t\t\t\t\t\t\t\t<div class=\"elementor-text-editor elementor-clearfix\">\n\t\t\t\t<p>Pendant la p\u00e9riode de No\u00ebl et du Premier de l&#8217;An<b>,<\/b> il n&#8217;est pas rare non plus de se coucher plus tard, de dormir un peu moins bien aussi car les repas sont plus riches et plus lourds. Alors c&#8217;est le moment d\u00e9sormais de reprendre vos bonnes habitudes, de vous coucher plus t\u00f4t pour vous lever en forme et de bonne humeur.<\/p><p>\u00a0Et un meilleur dodo est aussi la cons\u00e9quence d&#8217;une meilleure alimentation et d&#8217;une activit\u00e9 physique retrouv\u00e9e. Tout est li\u00e9 ! Les f\u00eates sont aussi souvent synonymes d&#8217;ap\u00e9ros en famille au moment de No\u00ebl. Et de fiesta avec les amis au moment du R\u00e9veillon de la Saint Sylvestre.\u00a0<\/p><p>Bref, c&#8217;est souvent une p\u00e9riode riche en alcool en tout genre. Une fois les f\u00eates termin\u00e9es, il est temps de limiter l&#8217;alcool et les boissons sucr\u00e9es et de s&#8217;hydrater avec de l&#8217;eau. Ce qui va aussi vous permettre de mieux \u00e9liminer, et aussi de mieux dormir ! Et donc de perdre du poids ! C&#8217;est CQFD !\u00a0<\/p>\t\t\t\t\t<\/div>\n\t\t\t\t\t\t<\/div>\n\t\t\t\t<\/div>\n\t\t\t\t\t\t<\/div>\n\t\t\t\t\t<\/div>\n\t\t<\/div>\n\t\t\t\t\t\t\t\t<\/div>\n\t\t\t\t\t<\/div>\n\t\t<\/section>\n\t\t\t\t<section class=\"elementor-section elementor-top-section elementor-element elementor-element-cf4cff0 elementor-section-boxed elementor-section-height-default elementor-section-height-default\" data-id=\"cf4cff0\" data-element_type=\"section\">\n\t\t\t\t\t\t<div class=\"elementor-container elementor-column-gap-default\">\n\t\t\t\t\t\t\t<div class=\"elementor-row\">\n\t\t\t\t\t<div class=\"elementor-column elementor-col-100 elementor-top-column elementor-element elementor-element-49dd365\" data-id=\"49dd365\" data-element_type=\"column\">\n\t\t\t<div class=\"elementor-column-wrap elementor-element-populated\">\n\t\t\t\t\t\t\t<div class=\"elementor-widget-wrap\">\n\t\t\t\t\t\t<div class=\"elementor-element elementor-element-2f78d75 elementor-widget elementor-widget-image\" data-id=\"2f78d75\" data-element_type=\"widget\" data-widget_type=\"image.default\">\n\t\t\t\t<div class=\"elementor-widget-container\">\n\t\t\t\t\t\t\t\t<div class=\"elementor-image\">\n\t\t\t\t\t\t\t\t\t\t\t\t<img decoding=\"async\" width=\"1024\" height=\"683\" src=\"https:\/\/i0.wp.com\/nourrisante.fr\/wp-content\/uploads\/2019\/12\/sleep-1209288_1280.jpg?fit=1024%2C683&amp;ssl=1\" class=\"attachment-large size-large wp-image-919\" alt=\"dormir pour perdre du poids\" srcset=\"https:\/\/i0.wp.com\/nourrisante.fr\/wp-content\/uploads\/2019\/12\/sleep-1209288_1280.jpg?w=1280&amp;ssl=1 1280w, https:\/\/i0.wp.com\/nourrisante.fr\/wp-content\/uploads\/2019\/12\/sleep-1209288_1280.jpg?resize=300%2C200&amp;ssl=1 300w, https:\/\/i0.wp.com\/nourrisante.fr\/wp-content\/uploads\/2019\/12\/sleep-1209288_1280.jpg?resize=1024%2C683&amp;ssl=1 1024w, https:\/\/i0.wp.com\/nourrisante.fr\/wp-content\/uploads\/2019\/12\/sleep-1209288_1280.jpg?resize=768%2C512&amp;ssl=1 768w\" sizes=\"(max-width: 1000px) 100vw, 1000px\" \/>\t\t\t\t\t\t\t\t\t\t\t\t\t\t<\/div>\n\t\t\t\t\t\t<\/div>\n\t\t\t\t<\/div>\n\t\t\t\t\t\t<\/div>\n\t\t\t\t\t<\/div>\n\t\t<\/div>\n\t\t\t\t\t\t\t\t<\/div>\n\t\t\t\t\t<\/div>\n\t\t<\/section>\n\t\t\t\t<section class=\"elementor-section elementor-top-section elementor-element elementor-element-5fd1354 elementor-section-boxed elementor-section-height-default elementor-section-height-default\" data-id=\"5fd1354\" data-element_type=\"section\">\n\t\t\t\t\t\t<div class=\"elementor-container elementor-column-gap-default\">\n\t\t\t\t\t\t\t<div class=\"elementor-row\">\n\t\t\t\t\t<div class=\"elementor-column elementor-col-100 elementor-top-column elementor-element elementor-element-078fc0d\" data-id=\"078fc0d\" data-element_type=\"column\">\n\t\t\t<div class=\"elementor-column-wrap elementor-element-populated\">\n\t\t\t\t\t\t\t<div class=\"elementor-widget-wrap\">\n\t\t\t\t\t\t<div class=\"elementor-element elementor-element-5250f21 elementor-widget elementor-widget-text-editor\" data-id=\"5250f21\" data-element_type=\"widget\" data-widget_type=\"text-editor.default\">\n\t\t\t\t<div class=\"elementor-widget-container\">\n\t\t\t\t\t\t\t\t<div class=\"elementor-text-editor elementor-clearfix\">\n\t\t\t\t<p>Je vous ai donc donn\u00e9 ici mes cinq astuces afin de pouvoir perdre tranquillement et sereinement les<b> <\/b>\u00e9ventuels kilos superflus pris pendant les f\u00eates de fin d&#8217;ann\u00e9es, c&#8217;est \u00e0 dire la p\u00e9riode de No\u00ebl et du Premier de l&#8217;An. Ne tombez pas dans l&#8217;exc\u00e8s de bonne volont\u00e9 non plus, vous n&#8217;avez pas besoin de tout faire en m\u00eame temps !&nbsp;<\/p>\n<p>Vous pouvez par exemple commencer par arr\u00eater l&#8217;alcool et r\u00e9introduire plus d&#8217;eau, avec plus de l\u00e9gumes, et puis la semaine d&#8217;apr\u00e8s, reprendre votre activit\u00e9 physique. L&#8217;id\u00e9e est de ne pas \u00eatre frustr\u00e9 par un changement brutal.&nbsp;<\/p>\n<p>Si vous avez \u00e9galement fait des \u00e9carts, comme consommer du gluten ou des produits laitiers, ne culpabilisez pas, et reprenez tranquillement votre alimentation d&#8217;avant les f\u00eates.<\/p>\t\t\t\t\t<\/div>\n\t\t\t\t\t\t<\/div>\n\t\t\t\t<\/div>\n\t\t\t\t\t\t<\/div>\n\t\t\t\t\t<\/div>\n\t\t<\/div>\n\t\t\t\t\t\t\t\t<\/div>\n\t\t\t\t\t<\/div>\n\t\t<\/section>\n\t\t\t\t\t\t\t\t\t<\/div>\n\t\t\t<\/div>\n\t\t\t\t\t<\/div>\n\t\t","protected":false},"excerpt":{"rendered":"<p>Perdre les kilos pris pendant les f\u00eates de fin d&#8217;ann\u00e9e&#8230; Comment s&#8217;y prendre ? Vous vous posez peut-\u00eatre la question apr\u00e8s avoir un peu abus\u00e9 sur la dinde de No\u00ebl ou la b\u00fbche glac\u00e9e. Avec la nouvelle ann\u00e9e, nombre de magazines vont vous proposer d\u00e9sormais une &#8220;detox d&#8217;apr\u00e8s f\u00eates&#8221;, un &#8220;r\u00e9gime express pour d\u00e9gommer les &hellip;<\/p>\n<p class=\"read-more\"> <a class=\"\" href=\"https:\/\/nourrisante.fr\/index.php\/2020\/01\/03\/comment-perdre-les-eventuels-quelques-kilos-pris-pendant-les-fetes\/\"> <span class=\"screen-reader-text\">Comment perdre les quelques kilos pris pendant les f\u00eates ?<\/span> Lire la suite\u00a0\u00bb<\/a><\/p>\n","protected":false},"author":1,"featured_media":916,"comment_status":"open","ping_status":"open","sticky":false,"template":"","format":"standard","meta":{"_mi_skip_tracking":false,"site-sidebar-layout":"default","site-content-layout":"default","ast-global-header-display":"","ast-main-header-display":"","ast-hfb-above-header-display":"","ast-hfb-below-header-display":"","ast-hfb-mobile-header-display":"","site-post-title":"","ast-breadcrumbs-content":"","ast-featured-img":"","footer-sml-layout":"","theme-transparent-header-meta":"default","adv-header-id-meta":"","stick-header-meta":"","header-above-stick-meta":"","header-main-stick-meta":"","header-below-stick-meta":"","jetpack_post_was_ever_published":false},"categories":[33,16],"tags":[],"yoast_head":"<!-- This site is optimized with the Yoast SEO plugin v20.1 - https:\/\/yoast.com\/wordpress\/plugins\/seo\/ -->\n<title>Comment perdre les quelques kilos pris pendant les f\u00eates ? - NourriSant\u00e9<\/title>\n<meta name=\"description\" content=\"Je vous livre mes 5 astuces pour perdre ces 2 ou 3 kilos pris pendant les f\u00eates. 5 conseils pour retrouver son poids de forme sereinement.\" \/>\n<meta name=\"robots\" content=\"index, follow, max-snippet:-1, max-image-preview:large, max-video-preview:-1\" \/>\n<link rel=\"canonical\" href=\"https:\/\/nourrisante.fr\/index.php\/2020\/01\/03\/comment-perdre-les-eventuels-quelques-kilos-pris-pendant-les-fetes\/\" \/>\n<meta property=\"og:locale\" content=\"fr_FR\" \/>\n<meta property=\"og:type\" content=\"article\" \/>\n<meta property=\"og:title\" content=\"Comment perdre les quelques kilos pris pendant les f\u00eates ? - NourriSant\u00e9\" \/>\n<meta property=\"og:description\" content=\"Je vous livre mes 5 astuces pour perdre ces 2 ou 3 kilos pris pendant les f\u00eates. 5 conseils pour retrouver son poids de forme sereinement.\" \/>\n<meta property=\"og:url\" content=\"https:\/\/nourrisante.fr\/index.php\/2020\/01\/03\/comment-perdre-les-eventuels-quelques-kilos-pris-pendant-les-fetes\/\" \/>\n<meta property=\"og:site_name\" content=\"NourriSant\u00e9\" \/>\n<meta property=\"article:published_time\" content=\"2020-01-03T17:04:09+00:00\" \/>\n<meta property=\"article:modified_time\" content=\"2020-04-13T16:31:11+00:00\" \/>\n<meta property=\"og:image\" content=\"https:\/\/i0.wp.com\/nourrisante.fr\/wp-content\/uploads\/2019\/12\/slimming-2728331_1280.jpg?fit=1280%2C853&ssl=1\" \/>\n\t<meta property=\"og:image:width\" content=\"1280\" \/>\n\t<meta property=\"og:image:height\" content=\"853\" \/>\n\t<meta property=\"og:image:type\" content=\"image\/jpeg\" \/>\n<meta name=\"author\" content=\"Marina\" \/>\n<meta name=\"twitter:card\" content=\"summary_large_image\" \/>\n<meta name=\"twitter:label1\" content=\"\u00c9crit par\" \/>\n\t<meta name=\"twitter:data1\" content=\"Marina\" \/>\n\t<meta name=\"twitter:label2\" content=\"Dur\u00e9e de lecture estim\u00e9e\" \/>\n\t<meta name=\"twitter:data2\" content=\"6 minutes\" \/>\n<script type=\"application\/ld+json\" class=\"yoast-schema-graph\">{\"@context\":\"https:\/\/schema.org\",\"@graph\":[{\"@type\":\"Article\",\"@id\":\"https:\/\/nourrisante.fr\/index.php\/2020\/01\/03\/comment-perdre-les-eventuels-quelques-kilos-pris-pendant-les-fetes\/#article\",\"isPartOf\":{\"@id\":\"https:\/\/nourrisante.fr\/index.php\/2020\/01\/03\/comment-perdre-les-eventuels-quelques-kilos-pris-pendant-les-fetes\/\"},\"author\":{\"name\":\"Marina\",\"@id\":\"https:\/\/nourrisante.fr\/#\/schema\/person\/1c5b240820d06e113ff39bce207af044\"},\"headline\":\"Comment perdre les quelques kilos pris pendant les f\u00eates ?\",\"datePublished\":\"2020-01-03T17:04:09+00:00\",\"dateModified\":\"2020-04-13T16:31:11+00:00\",\"mainEntityOfPage\":{\"@id\":\"https:\/\/nourrisante.fr\/index.php\/2020\/01\/03\/comment-perdre-les-eventuels-quelques-kilos-pris-pendant-les-fetes\/\"},\"wordCount\":1238,\"commentCount\":0,\"publisher\":{\"@id\":\"https:\/\/nourrisante.fr\/#organization\"},\"articleSection\":[\"Alimentation\",\"Bien \u00eatre\"],\"inLanguage\":\"fr-FR\",\"potentialAction\":[{\"@type\":\"CommentAction\",\"name\":\"Comment\",\"target\":[\"https:\/\/nourrisante.fr\/index.php\/2020\/01\/03\/comment-perdre-les-eventuels-quelques-kilos-pris-pendant-les-fetes\/#respond\"]}]},{\"@type\":\"WebPage\",\"@id\":\"https:\/\/nourrisante.fr\/index.php\/2020\/01\/03\/comment-perdre-les-eventuels-quelques-kilos-pris-pendant-les-fetes\/\",\"url\":\"https:\/\/nourrisante.fr\/index.php\/2020\/01\/03\/comment-perdre-les-eventuels-quelques-kilos-pris-pendant-les-fetes\/\",\"name\":\"Comment perdre les quelques kilos pris pendant les f\u00eates ? - NourriSant\u00e9\",\"isPartOf\":{\"@id\":\"https:\/\/nourrisante.fr\/#website\"},\"datePublished\":\"2020-01-03T17:04:09+00:00\",\"dateModified\":\"2020-04-13T16:31:11+00:00\",\"description\":\"Je vous livre mes 5 astuces pour perdre ces 2 ou 3 kilos pris pendant les f\u00eates. 5 conseils pour retrouver son poids de forme sereinement.\",\"breadcrumb\":{\"@id\":\"https:\/\/nourrisante.fr\/index.php\/2020\/01\/03\/comment-perdre-les-eventuels-quelques-kilos-pris-pendant-les-fetes\/#breadcrumb\"},\"inLanguage\":\"fr-FR\",\"potentialAction\":[{\"@type\":\"ReadAction\",\"target\":[\"https:\/\/nourrisante.fr\/index.php\/2020\/01\/03\/comment-perdre-les-eventuels-quelques-kilos-pris-pendant-les-fetes\/\"]}]},{\"@type\":\"BreadcrumbList\",\"@id\":\"https:\/\/nourrisante.fr\/index.php\/2020\/01\/03\/comment-perdre-les-eventuels-quelques-kilos-pris-pendant-les-fetes\/#breadcrumb\",\"itemListElement\":[{\"@type\":\"ListItem\",\"position\":1,\"name\":\"Accueil\",\"item\":\"https:\/\/nourrisante.fr\/\"},{\"@type\":\"ListItem\",\"position\":2,\"name\":\"Comment perdre les quelques kilos pris pendant les f\u00eates ?\"}]},{\"@type\":\"WebSite\",\"@id\":\"https:\/\/nourrisante.fr\/#website\",\"url\":\"https:\/\/nourrisante.fr\/\",\"name\":\"NourriSant\u00e9\",\"description\":\"Prends soin de toi !\",\"publisher\":{\"@id\":\"https:\/\/nourrisante.fr\/#organization\"},\"potentialAction\":[{\"@type\":\"SearchAction\",\"target\":{\"@type\":\"EntryPoint\",\"urlTemplate\":\"https:\/\/nourrisante.fr\/?s={search_term_string}\"},\"query-input\":\"required name=search_term_string\"}],\"inLanguage\":\"fr-FR\"},{\"@type\":\"Organization\",\"@id\":\"https:\/\/nourrisante.fr\/#organization\",\"name\":\"NourriSant\u00e9\",\"url\":\"https:\/\/nourrisante.fr\/\",\"logo\":{\"@type\":\"ImageObject\",\"inLanguage\":\"fr-FR\",\"@id\":\"https:\/\/nourrisante.fr\/#\/schema\/logo\/image\/\",\"url\":\"https:\/\/i0.wp.com\/nourrisante.fr\/wp-content\/uploads\/2020\/02\/NourriSante-2-scaled.jpg?fit=2048%2C1024&ssl=1\",\"contentUrl\":\"https:\/\/i0.wp.com\/nourrisante.fr\/wp-content\/uploads\/2020\/02\/NourriSante-2-scaled.jpg?fit=2048%2C1024&ssl=1\",\"width\":2048,\"height\":1024,\"caption\":\"NourriSant\u00e9\"},\"image\":{\"@id\":\"https:\/\/nourrisante.fr\/#\/schema\/logo\/image\/\"}},{\"@type\":\"Person\",\"@id\":\"https:\/\/nourrisante.fr\/#\/schema\/person\/1c5b240820d06e113ff39bce207af044\",\"name\":\"Marina\",\"image\":{\"@type\":\"ImageObject\",\"inLanguage\":\"fr-FR\",\"@id\":\"https:\/\/nourrisante.fr\/#\/schema\/person\/image\/\",\"url\":\"https:\/\/secure.gravatar.com\/avatar\/74c08ffc8af120bdeed9e08d3ee1b5df?s=96&r=g\",\"contentUrl\":\"https:\/\/secure.gravatar.com\/avatar\/74c08ffc8af120bdeed9e08d3ee1b5df?s=96&r=g\",\"caption\":\"Marina\"},\"url\":\"https:\/\/nourrisante.fr\/index.php\/author\/admin3989\/\"}]}<\/script>\n<!-- \/ Yoast SEO plugin. -->","yoast_head_json":{"title":"Comment perdre les quelques kilos pris pendant les f\u00eates ? - NourriSant\u00e9","description":"Je vous livre mes 5 astuces pour perdre ces 2 ou 3 kilos pris pendant les f\u00eates. 5 conseils pour retrouver son poids de forme sereinement.","robots":{"index":"index","follow":"follow","max-snippet":"max-snippet:-1","max-image-preview":"max-image-preview:large","max-video-preview":"max-video-preview:-1"},"canonical":"https:\/\/nourrisante.fr\/index.php\/2020\/01\/03\/comment-perdre-les-eventuels-quelques-kilos-pris-pendant-les-fetes\/","og_locale":"fr_FR","og_type":"article","og_title":"Comment perdre les quelques kilos pris pendant les f\u00eates ? - NourriSant\u00e9","og_description":"Je vous livre mes 5 astuces pour perdre ces 2 ou 3 kilos pris pendant les f\u00eates. 5 conseils pour retrouver son poids de forme sereinement.","og_url":"https:\/\/nourrisante.fr\/index.php\/2020\/01\/03\/comment-perdre-les-eventuels-quelques-kilos-pris-pendant-les-fetes\/","og_site_name":"NourriSant\u00e9","article_published_time":"2020-01-03T17:04:09+00:00","article_modified_time":"2020-04-13T16:31:11+00:00","og_image":[{"width":1280,"height":853,"url":"https:\/\/i0.wp.com\/nourrisante.fr\/wp-content\/uploads\/2019\/12\/slimming-2728331_1280.jpg?fit=1280%2C853&ssl=1","type":"image\/jpeg"}],"author":"Marina","twitter_card":"summary_large_image","twitter_misc":{"\u00c9crit par":"Marina","Dur\u00e9e de lecture estim\u00e9e":"6 minutes"},"schema":{"@context":"https:\/\/schema.org","@graph":[{"@type":"Article","@id":"https:\/\/nourrisante.fr\/index.php\/2020\/01\/03\/comment-perdre-les-eventuels-quelques-kilos-pris-pendant-les-fetes\/#article","isPartOf":{"@id":"https:\/\/nourrisante.fr\/index.php\/2020\/01\/03\/comment-perdre-les-eventuels-quelques-kilos-pris-pendant-les-fetes\/"},"author":{"name":"Marina","@id":"https:\/\/nourrisante.fr\/#\/schema\/person\/1c5b240820d06e113ff39bce207af044"},"headline":"Comment perdre les quelques kilos pris pendant les f\u00eates ?","datePublished":"2020-01-03T17:04:09+00:00","dateModified":"2020-04-13T16:31:11+00:00","mainEntityOfPage":{"@id":"https:\/\/nourrisante.fr\/index.php\/2020\/01\/03\/comment-perdre-les-eventuels-quelques-kilos-pris-pendant-les-fetes\/"},"wordCount":1238,"commentCount":0,"publisher":{"@id":"https:\/\/nourrisante.fr\/#organization"},"articleSection":["Alimentation","Bien \u00eatre"],"inLanguage":"fr-FR","potentialAction":[{"@type":"CommentAction","name":"Comment","target":["https:\/\/nourrisante.fr\/index.php\/2020\/01\/03\/comment-perdre-les-eventuels-quelques-kilos-pris-pendant-les-fetes\/#respond"]}]},{"@type":"WebPage","@id":"https:\/\/nourrisante.fr\/index.php\/2020\/01\/03\/comment-perdre-les-eventuels-quelques-kilos-pris-pendant-les-fetes\/","url":"https:\/\/nourrisante.fr\/index.php\/2020\/01\/03\/comment-perdre-les-eventuels-quelques-kilos-pris-pendant-les-fetes\/","name":"Comment perdre les quelques kilos pris pendant les f\u00eates ? - NourriSant\u00e9","isPartOf":{"@id":"https:\/\/nourrisante.fr\/#website"},"datePublished":"2020-01-03T17:04:09+00:00","dateModified":"2020-04-13T16:31:11+00:00","description":"Je vous livre mes 5 astuces pour perdre ces 2 ou 3 kilos pris pendant les f\u00eates. 5 conseils pour retrouver son poids de forme sereinement.","breadcrumb":{"@id":"https:\/\/nourrisante.fr\/index.php\/2020\/01\/03\/comment-perdre-les-eventuels-quelques-kilos-pris-pendant-les-fetes\/#breadcrumb"},"inLanguage":"fr-FR","potentialAction":[{"@type":"ReadAction","target":["https:\/\/nourrisante.fr\/index.php\/2020\/01\/03\/comment-perdre-les-eventuels-quelques-kilos-pris-pendant-les-fetes\/"]}]},{"@type":"BreadcrumbList","@id":"https:\/\/nourrisante.fr\/index.php\/2020\/01\/03\/comment-perdre-les-eventuels-quelques-kilos-pris-pendant-les-fetes\/#breadcrumb","itemListElement":[{"@type":"ListItem","position":1,"name":"Accueil","item":"https:\/\/nourrisante.fr\/"},{"@type":"ListItem","position":2,"name":"Comment perdre les quelques kilos pris pendant les f\u00eates ?"}]},{"@type":"WebSite","@id":"https:\/\/nourrisante.fr\/#website","url":"https:\/\/nourrisante.fr\/","name":"NourriSant\u00e9","description":"Prends soin de toi !","publisher":{"@id":"https:\/\/nourrisante.fr\/#organization"},"potentialAction":[{"@type":"SearchAction","target":{"@type":"EntryPoint","urlTemplate":"https:\/\/nourrisante.fr\/?s={search_term_string}"},"query-input":"required name=search_term_string"}],"inLanguage":"fr-FR"},{"@type":"Organization","@id":"https:\/\/nourrisante.fr\/#organization","name":"NourriSant\u00e9","url":"https:\/\/nourrisante.fr\/","logo":{"@type":"ImageObject","inLanguage":"fr-FR","@id":"https:\/\/nourrisante.fr\/#\/schema\/logo\/image\/","url":"https:\/\/i0.wp.com\/nourrisante.fr\/wp-content\/uploads\/2020\/02\/NourriSante-2-scaled.jpg?fit=2048%2C1024&ssl=1","contentUrl":"https:\/\/i0.wp.com\/nourrisante.fr\/wp-content\/uploads\/2020\/02\/NourriSante-2-scaled.jpg?fit=2048%2C1024&ssl=1","width":2048,"height":1024,"caption":"NourriSant\u00e9"},"image":{"@id":"https:\/\/nourrisante.fr\/#\/schema\/logo\/image\/"}},{"@type":"Person","@id":"https:\/\/nourrisante.fr\/#\/schema\/person\/1c5b240820d06e113ff39bce207af044","name":"Marina","image":{"@type":"ImageObject","inLanguage":"fr-FR","@id":"https:\/\/nourrisante.fr\/#\/schema\/person\/image\/","url":"https:\/\/secure.gravatar.com\/avatar\/74c08ffc8af120bdeed9e08d3ee1b5df?s=96&r=g","contentUrl":"https:\/\/secure.gravatar.com\/avatar\/74c08ffc8af120bdeed9e08d3ee1b5df?s=96&r=g","caption":"Marina"},"url":"https:\/\/nourrisante.fr\/index.php\/author\/admin3989\/"}]}},"jetpack_featured_media_url":"https:\/\/i0.wp.com\/nourrisante.fr\/wp-content\/uploads\/2019\/12\/slimming-2728331_1280.jpg?fit=1280%2C853&ssl=1","jetpack_shortlink":"https:\/\/wp.me\/pbnNAt-eK","jetpack_sharing_enabled":true,"jetpack_likes_enabled":true,"jetpack-related-posts":[{"id":871,"url":"https:\/\/nourrisante.fr\/index.php\/2019\/12\/26\/comment-tenir-vos-resolutions-du-nouvel-an-continuer-ce-que-vous-avez-commence\/","url_meta":{"origin":914,"position":0},"title":"Comment tenir vos r\u00e9solutions du Nouvel An : continuer ce que vous avez commenc\u00e9 !","date":"12\/26\/2019","format":false,"excerpt":"\"Quelle est votre r\u00e9solution du Nouvel An\u00a0?\" Cette question vous l'avez forc\u00e9ment d\u00e9j\u00e0 entendue. Elle revient chaque ann\u00e9e au moment des f\u00eates de fin d'ann\u00e9es. En ce qui me concerne, ma r\u00e9ponse est inexorablement la m\u00eame... Une r\u00e9ponse peut-\u00eatre m\u00eame un peu provocatrice : \"pour tenir mes r\u00e9solutions : je\u2026","rel":"","context":"Dans &quot;Bien \u00eatre&quot;","img":{"alt_text":"r\u00e9solutions de nouvel an","src":"https:\/\/i0.wp.com\/nourrisante.fr\/wp-content\/uploads\/2019\/12\/new-years-day-4705447_1280.jpg?fit=1200%2C800&ssl=1&resize=350%2C200","width":350,"height":200},"classes":[]},{"id":696,"url":"https:\/\/nourrisante.fr\/index.php\/2019\/12\/18\/gerer-les-invitations-des-fetes-quand-on-mange-sans-gluten-et-sans-produits-laitiers\/","url_meta":{"origin":914,"position":1},"title":"Comment g\u00e9rer les f\u00eates en mode sans gluten et sans produits laitiers ?","date":"12\/18\/2019","format":false,"excerpt":"Les f\u00eates sont souvent un moment de r\u00e9union en famille, et de grands et gros repas, avec ses proches, mais aussi ses amis parfois. Comment faire pour que ces moments qui doivent rester festifs ne tournent pas \u00e0 la prise de t\u00eate lorsqu'on mange sans gluten, et sans produits laitiers\u2026","rel":"","context":"Dans &quot;Alimentation&quot;","img":{"alt_text":"table de f\u00eates sans gluten","src":"https:\/\/i0.wp.com\/nourrisante.fr\/wp-content\/uploads\/2019\/12\/table-791149_1280.jpg?fit=1200%2C800&ssl=1&resize=350%2C200","width":350,"height":200},"classes":[]},{"id":513,"url":"https:\/\/nourrisante.fr\/index.php\/2019\/12\/04\/regime-sans-gluten-5-conseils-pour-bien-debuter\/","url_meta":{"origin":914,"position":2},"title":"Alimentation sans gluten : 5 conseils pour bien d\u00e9buter","date":"12\/04\/2019","format":false,"excerpt":"Comment bien d\u00e9buter dans le sans gluten ? Quoi faire \u00e0 manger ? Comment cuisiner ? Par o\u00f9 d\u00e9marrer ? Ce sont des questions que vous vous posez sans doute ! Pas de panique, le mode d'alimentation sans gluten demande des adaptations au d\u00e9part, mais avec un peu d'exp\u00e9rience, il\u2026","rel":"","context":"Dans &quot;Alimentation&quot;","img":{"alt_text":"d\u00e9buter sans gluten","src":"https:\/\/i0.wp.com\/nourrisante.fr\/wp-content\/uploads\/2019\/12\/pizza-dough-ready-to-roll.jpg?fit=925%2C617&ssl=1&resize=350%2C200","width":350,"height":200},"classes":[]},{"id":164,"url":"https:\/\/nourrisante.fr\/index.php\/2019\/11\/08\/lindice-glycemique-7-conseils-pour-loptimiser-dans-un-regime-sans-gluten\/","url_meta":{"origin":914,"position":3},"title":"L&#8217;indice glyc\u00e9mique : l&#8217;optimiser dans un r\u00e9gime sans gluten.","date":"11\/08\/2019","format":false,"excerpt":"Est-ce que vous savez ce que c'est l'indice glyc\u00e9mique ? Pourquoi il est important quand on mange\u00a0sans gluten\u00a0? Ce type d'alimentation est connu pour utiliser des aliments et farines \u00e0 indice glyc\u00e9mique \u00e9lev\u00e9.\u00a0L'indice glyc\u00e9mique est une valeur qui classifie les aliments selon leur capacit\u00e9 \u00e0 \u00e9lever ou non votre glyc\u00e9mie.\u2026","rel":"","context":"Dans &quot;Alimentation&quot;","img":{"alt_text":"tarte poire chocolat vegan","src":"https:\/\/i0.wp.com\/nourrisante.fr\/wp-content\/uploads\/2019\/11\/IMG_20190915_112623.jpg?fit=900%2C1200&ssl=1&resize=350%2C200","width":350,"height":200},"classes":[]},{"id":646,"url":"https:\/\/nourrisante.fr\/index.php\/2020\/01\/29\/comment-bien-choisir-vos-fruits-et-legumes-4-conseils\/","url_meta":{"origin":914,"position":4},"title":"Comment bien choisir vos fruits et l\u00e9gumes : 4 conseils","date":"01\/29\/2020","format":false,"excerpt":"Est-ce que vous vous \u00eates d\u00e9j\u00e0 demand\u00e9 comment \u00eatre s\u00fbr de faire le bon choix face \u00e0 l'\u00e9tal de fruits et l\u00e9gumes ? C'est un sujet qui me tient \u00e0 c\u0153ur, car les l\u00e9gumes en particulier sont la base d'une nourriture saine. Les l\u00e9gumes doivent en effet repr\u00e9senter la moiti\u00e9\u2026","rel":"","context":"Dans &quot;Alimentation&quot;","img":{"alt_text":"l\u00e9gumes de saison","src":"https:\/\/i0.wp.com\/nourrisante.fr\/wp-content\/uploads\/2020\/01\/vegetables-752153_1280.jpg?fit=1200%2C820&ssl=1&resize=350%2C200","width":350,"height":200},"classes":[]},{"id":218,"url":"https:\/\/nourrisante.fr\/index.php\/2019\/11\/12\/arthrose-quelles-nouvelles-habitudes-mettre-en-place-pour-moins-souffrir-et-rester-zen\/","url_meta":{"origin":914,"position":5},"title":"Arthrose : 3 habitudes \u00e0 mettre en place pour Rester zen","date":"11\/12\/2019","format":false,"excerpt":"Est-ce que vous vous \u00eates d\u00e9j\u00e0 demand\u00e9 comment faire pour moins souffrir d'arthrose ? Quelles nouvelles habitudes vous pourriez mettre en place pour aller mieux, att\u00e9nuer tes douleurs et mieux vivre au quotidien ? C'est un questionnement difficile surtout lorsqu'on souffre trop ! Cela peut \u00eatre vraiment compliqu\u00e9 de se\u2026","rel":"","context":"Dans &quot;Bien \u00eatre&quot;","img":{"alt_text":"","src":"https:\/\/i0.wp.com\/nourrisante.fr\/wp-content\/uploads\/2019\/11\/pebbles-1031167_1280.jpg?fit=1200%2C794&ssl=1&resize=350%2C200","width":350,"height":200},"classes":[]}],"_links":{"self":[{"href":"https:\/\/nourrisante.fr\/index.php\/wp-json\/wp\/v2\/posts\/914"}],"collection":[{"href":"https:\/\/nourrisante.fr\/index.php\/wp-json\/wp\/v2\/posts"}],"about":[{"href":"https:\/\/nourrisante.fr\/index.php\/wp-json\/wp\/v2\/types\/post"}],"author":[{"embeddable":true,"href":"https:\/\/nourrisante.fr\/index.php\/wp-json\/wp\/v2\/users\/1"}],"replies":[{"embeddable":true,"href":"https:\/\/nourrisante.fr\/index.php\/wp-json\/wp\/v2\/comments?post=914"}],"version-history":[{"count":19,"href":"https:\/\/nourrisante.fr\/index.php\/wp-json\/wp\/v2\/posts\/914\/revisions"}],"predecessor-version":[{"id":1984,"href":"https:\/\/nourrisante.fr\/index.php\/wp-json\/wp\/v2\/posts\/914\/revisions\/1984"}],"wp:featuredmedia":[{"embeddable":true,"href":"https:\/\/nourrisante.fr\/index.php\/wp-json\/wp\/v2\/media\/916"}],"wp:attachment":[{"href":"https:\/\/nourrisante.fr\/index.php\/wp-json\/wp\/v2\/media?parent=914"}],"wp:term":[{"taxonomy":"category","embeddable":true,"href":"https:\/\/nourrisante.fr\/index.php\/wp-json\/wp\/v2\/categories?post=914"},{"taxonomy":"post_tag","embeddable":true,"href":"https:\/\/nourrisante.fr\/index.php\/wp-json\/wp\/v2\/tags?post=914"}],"curies":[{"name":"wp","href":"https:\/\/api.w.org\/{rel}","templated":true}]}}